{"id":92,"date":"2020-03-05T18:26:52","date_gmt":"2020-03-05T16:26:52","guid":{"rendered":"https:\/\/tammegymnaasium.ee\/ku\/?p=92"},"modified":"2022-02-25T13:26:42","modified_gmt":"2022-02-25T11:26:42","slug":"inspireeriv-firenze","status":"publish","type":"post","link":"https:\/\/tammegymnaasium.ee\/ku\/2020\/03\/05\/inspireeriv-firenze\/","title":{"rendered":"Inspireeriv Firenze"},"content":{"rendered":"<p>Autor: Maret Kuura<\/p>\n<ol start=\"24\">\n<li>veebruarist 29. veebruarini osalesin koos kolleegi Liia Vijandiga Firenzes koolitusel \u201eThe 4Cs: Creativity, Critical Thinking, Communication and Collaboration in Schools\u201c. Kursuse eesm\u00e4rk oli innustada \u00f5petajaid kasutama oma t\u00f6\u00f6s \u00f5pilastega ja koost\u00f6\u00f6s kolleegidega loovust, kriitilist m\u00f5tlemist jms.<\/li>\n<\/ol>\n<p>Kursus oli mitmek\u00fclgne ja kaasahaarav, pakkudes m\u00f5tteainet ja loovtegevusi. Kursusel osales lisaks Eestist ka \u00f5petajaid Taanist ja Hispaaniast. Selline multikultuurne seltskond avardas ja rikastas meie k\u00f5igi silmaringi. Nii m\u00f5neski n\u00fcansis olime hoopis meie, eestlased oma innovaatiliste s\u00fcsteemidega \u00f5petajateks ja ideede s\u00fctitajateks.<\/p>\n<p>Kursuse teema oli mulle kui kunsti\u00f5petajale v\u00e4ga kaasahaarav. Kuidas \u00f5petada loovust? \u00d5pilastele ei maksa pakkuda juba valmis asju, sest nendega on lahendused piiratud. Kuidas innustada \u00f5pilasi ise katsetama ning julgustama eksima, ning mitte sellest ehmuma, vaid tegema omad j\u00e4reldused ning viima sisse parandused ning proovima, katsetama uuesti. Meeldis m\u00f5te, et kui m\u00f5ni \u00f5pilane ka esmapilgul provotseerib v\u00f5i katsetab piire, siis v\u00f5ib lasta tal seda k\u00e4itumist anal\u00fc\u00fcsida, selgitada, miks ta nii teeb, selle asemel, et tema k\u00e4itumise peale \u00fcle reageerida ja pahandama asuda. Samas vihapurskega \u00f5pilane tuleks j\u00e4tta esmalt rahunema, selle asemel, et ta kohe ette v\u00f5tta. Vahvaks soovituseks on n\u00e4iteks saata \u00f5pilane k\u00fclma veega k\u00e4si pesema, see rahustab teda ja n\u00f5nda saab ta oma nn kuuma auru v\u00e4lja lasta. Kinnitust sain ka oma varasemalt kasutuses olnud ideedele, meetoditele, et pakkuda \u00f5pilastele eduelamust, \u00fcllatusi tunnis, korraldada teadmistel p\u00f5hinevaid m\u00e4nge, jutustada m\u00f5ni humoorikas seik jne.<\/p>\n<p>Juba varasemalt on mulle \u00f5petajana oluline \u00f5ppijat aktiveerida m\u00f5tlema ja tegutsema, kasutades erinevaid vahendeid, keskkondi ja meetodeid. L\u00e4bitud kursus innustas kasutama julgemalt uusi v\u00f5tteid ning katsetama. Olema julge ning mitte kartma enda mugavustsoonist v\u00e4ljatulemist, n\u00e4iteks kasutada liikumisminuteid, tantsuharjutusi koos \u00f5pilastega kaasa teha, ette n\u00e4idata. Samas luua sujuv koosm\u00f5ju tunni ja liikumispausi vahel, et need haakuksid, mitte poleks eraldiseisvad tegevused, ja \u00f5ppida neid kasutama loomuliku \u00f5ppet\u00f6\u00f6 osana.<\/p>\n<p>Lisaks sain innustust julgustada ka k\u00f5rvalej\u00e4etuid ja neid, kes alati ei soovi osaleda teistega \u00fchist\u00f6\u00f6s. Kuidas haarata neid kaasa koos t\u00f6\u00f6tama, milliseid \u00fclesandeid ja kuidas jagada nii, et k\u00f5ik \u00f5pilased tunneksid, et nad on kaasatud.<\/p>\n<p>Kursusel sain innustust rohkem kaasata veebip\u00f5hiseid m\u00e4nge, millega kinnistada \u00f5pitut ning samas pakkuda vaheldust igap\u00e4evasele traditsioonilisele \u00f5ppele. Covid-19 tulekuga pidid koolid suuresti oma \u00f5ppe viima \u00fcle veebip\u00f5hiseks, see andis veel suurema v\u00f5imaluse katsetada erinevaid digivahendeid ja veebikeskkondi. Praeguseks on saanud igap\u00e4evaosaks esitluste rikastamine videotega, veebikeskkondadega t\u00f6\u00f6lehtede tegemine ja veebim\u00e4ngudega. Digivahendite kasutamine igap\u00e4evat\u00f6\u00f6s on muutunud sujuvalt \u00f5ppet\u00f6\u00f6 loomulikuks osaks.<\/p>\n<p>Kursusel sain ideid r\u00fchmat\u00f6\u00f6de l\u00e4biviimiseks, kus saab arendada koost\u00f6\u00f6d ja sotsiaalseid oskusi. Kursusel korraldatud orienteerumism\u00e4ng Firenze linnas oli heaks n\u00e4iteks, kus lisaks omavahelisele suhtlemisele toimis meie r\u00fchmal suurep\u00e4raselt t\u00f6\u00f6jaotus. Samas saime oma r\u00fchmat\u00f6\u00f6ga tutvuda kaaslastega ning \u00fcksteist t\u00e4iendada. \u00dclesanded olid kaasahaaravad, n\u00e4iteks otsida grafitit ja selle kohta lugu kirjutada v\u00f5i skulptuuride j\u00e4rgi fotolavastusi teha. Neid ideid saan juba praegu oma t\u00f6\u00f6s kasutada.<\/p>\n<p>Kunstiajaloo \u00f5petajana sain sellel \u00f5pir\u00e4ndel tutvuda imetlusv\u00e4\u00e4rse Itaalia kultuuriga, renessansi s\u00fcnnipaigaga. Firenze on tohutult rikkaliku ning mitmek\u00fclgse ajalooga. Tutvuda arhitektuuriga, imetleda maalikunsti ja skulptuure. Iseseisvalt valmisid mitmed \u00f5ppevideod originaalteostest ning rikkalik pildikogumik, mida \u00f5pilastele tutvustada. Lisaks on hindamatu v\u00e4\u00e4rtus sealse kultuuri vahetul kogemisel. Kokkupuude otseste teostega v\u00f5imaldab \u00f5pilastele anda selgitusi ja kirjeldusi Itaalia kultuuriloost. Nende \u00f5ppematerjalide esitlemine \u00f5pilastele on juba innustanud \u00f5pilasi usinamalt ja uurivamalt kuulama.<\/p>\n<p>\u00d5pir\u00e4ndel osalemine r\u00fchmaga v\u00f5i paaris oli \u00e4\u00e4rmiselt v\u00e4\u00e4rtuslik, kuna p\u00e4eval kogetud emotsioonid ja m\u00f5tted, ideed ja \u00f5ppet\u00fckid sai koos paarilisega uuesti l\u00e4bi arutatud, mis muutsid \u00f5pitu ja kogetu veel olulisemaks ja hinnalisemaks. Eriti positiivne on sarnaste huvide v\u00f5i erialadega seotud inimeste koosr\u00e4nne. Minu n\u00e4itel saab kinnitada, et koos Liiaga kursusel osalemine rikastas ja t\u00e4iendas meie pagasit. K\u00e4ies erinevatel n\u00e4itustel, muuseumides, saime n\u00e4htu l\u00e4bi arutada ning anal\u00fc\u00fcsida, mida saame oma t\u00f6\u00f6s edaspidi kasutada, kuidas kasutada muuseumide ekspositsioone oma t\u00f6\u00f6s ning milliseid v\u00f5imalusi pakuvad veebigaleriid\/veebimuuseumid. Lisaks pakub koos paarilisega \u00f5pir\u00e4ndel osalemine tuge ja kindlustunnet.<\/p>\n<p>Kokkuv\u00f5tvalt saab kinnitada, et kursusel osalemine oli inspireeriv ja innustav. Sain kinnitust oma senisele t\u00f6\u00f6le ning julgust j\u00e4tkata uudsete ning mitmek\u00fclgsete ideedega. Kursusel tutvusin erinevate kultuuridega ning haridust\u00f6\u00f6tajatega. Meil k\u00f5igil on \u00fcksteisele midagi \u00f5petada, soovitada. Haridust\u00f6\u00f6tajatena oleme sarnaste murede ja r\u00f5\u00f5mudega, puutume kokku erinevat t\u00fc\u00fcpi \u00f5pilastega, \u00f5pikeskkondadega. Toetust ja tuge pakuvad omavahelised arutelud ning \u00fchiselt v\u00e4ljam\u00f5eldud lahendused.<\/p>\n<p>&nbsp;<\/p>\n<div id='gallery-1' class='gallery galleryid-92 gallery-columns-3 gallery-size-medium'><figure class='gallery-item'>\n\t\t\t<div class='gallery-icon landscape'>\n\t\t\t\t<a href='https:\/\/tammegymnaasium.ee\/ku\/wp-content\/uploads\/2021\/10\/20200227_164838-scaled.jpg'><img loading=\"lazy\" decoding=\"async\" width=\"300\" height=\"225\" src=\"https:\/\/tammegymnaasium.ee\/ku\/wp-content\/uploads\/2021\/10\/20200227_164838-300x225.jpg\" class=\"attachment-medium size-medium\" alt=\"\" srcset=\"https:\/\/tammegymnaasium.ee\/ku\/wp-content\/uploads\/2021\/10\/20200227_164838-300x225.jpg 300w, https:\/\/tammegymnaasium.ee\/ku\/wp-content\/uploads\/2021\/10\/20200227_164838-1024x768.jpg 1024w, https:\/\/tammegymnaasium.ee\/ku\/wp-content\/uploads\/2021\/10\/20200227_164838-768x576.jpg 768w, https:\/\/tammegymnaasium.ee\/ku\/wp-content\/uploads\/2021\/10\/20200227_164838-1536x1152.jpg 1536w, https:\/\/tammegymnaasium.ee\/ku\/wp-content\/uploads\/2021\/10\/20200227_164838-2048x1536.jpg 2048w, https:\/\/tammegymnaasium.ee\/ku\/wp-content\/uploads\/2021\/10\/20200227_164838-1200x900.jpg 1200w\" sizes=\"auto, (max-width: 300px) 85vw, 300px\" \/><\/a>\n\t\t\t<\/div><\/figure><figure class='gallery-item'>\n\t\t\t<div class='gallery-icon landscape'>\n\t\t\t\t<a href='https:\/\/tammegymnaasium.ee\/ku\/wp-content\/uploads\/2021\/10\/20200225_093051-scaled.jpg'><img loading=\"lazy\" decoding=\"async\" width=\"300\" height=\"225\" src=\"https:\/\/tammegymnaasium.ee\/ku\/wp-content\/uploads\/2021\/10\/20200225_093051-300x225.jpg\" class=\"attachment-medium size-medium\" alt=\"\" srcset=\"https:\/\/tammegymnaasium.ee\/ku\/wp-content\/uploads\/2021\/10\/20200225_093051-300x225.jpg 300w, https:\/\/tammegymnaasium.ee\/ku\/wp-content\/uploads\/2021\/10\/20200225_093051-1024x768.jpg 1024w, https:\/\/tammegymnaasium.ee\/ku\/wp-content\/uploads\/2021\/10\/20200225_093051-768x576.jpg 768w, https:\/\/tammegymnaasium.ee\/ku\/wp-content\/uploads\/2021\/10\/20200225_093051-1536x1152.jpg 1536w, https:\/\/tammegymnaasium.ee\/ku\/wp-content\/uploads\/2021\/10\/20200225_093051-2048x1536.jpg 2048w, https:\/\/tammegymnaasium.ee\/ku\/wp-content\/uploads\/2021\/10\/20200225_093051-1200x900.jpg 1200w\" sizes=\"auto, (max-width: 300px) 85vw, 300px\" \/><\/a>\n\t\t\t<\/div><\/figure><figure class='gallery-item'>\n\t\t\t<div class='gallery-icon landscape'>\n\t\t\t\t<a href='https:\/\/tammegymnaasium.ee\/ku\/wp-content\/uploads\/2021\/10\/20200228_162925-scaled.jpg'><img loading=\"lazy\" decoding=\"async\" width=\"300\" height=\"225\" src=\"https:\/\/tammegymnaasium.ee\/ku\/wp-content\/uploads\/2021\/10\/20200228_162925-300x225.jpg\" class=\"attachment-medium size-medium\" alt=\"\" srcset=\"https:\/\/tammegymnaasium.ee\/ku\/wp-content\/uploads\/2021\/10\/20200228_162925-300x225.jpg 300w, https:\/\/tammegymnaasium.ee\/ku\/wp-content\/uploads\/2021\/10\/20200228_162925-1024x768.jpg 1024w, https:\/\/tammegymnaasium.ee\/ku\/wp-content\/uploads\/2021\/10\/20200228_162925-768x576.jpg 768w, https:\/\/tammegymnaasium.ee\/ku\/wp-content\/uploads\/2021\/10\/20200228_162925-1536x1152.jpg 1536w, https:\/\/tammegymnaasium.ee\/ku\/wp-content\/uploads\/2021\/10\/20200228_162925-2048x1536.jpg 2048w, https:\/\/tammegymnaasium.ee\/ku\/wp-content\/uploads\/2021\/10\/20200228_162925-1200x900.jpg 1200w\" sizes=\"auto, (max-width: 300px) 85vw, 300px\" \/><\/a>\n\t\t\t<\/div><\/figure><figure class='gallery-item'>\n\t\t\t<div class='gallery-icon landscape'>\n\t\t\t\t<a href='https:\/\/tammegymnaasium.ee\/ku\/wp-content\/uploads\/2021\/10\/20200225_172340-scaled.jpg'><img loading=\"lazy\" decoding=\"async\" width=\"300\" height=\"225\" src=\"https:\/\/tammegymnaasium.ee\/ku\/wp-content\/uploads\/2021\/10\/20200225_172340-300x225.jpg\" class=\"attachment-medium size-medium\" alt=\"\" srcset=\"https:\/\/tammegymnaasium.ee\/ku\/wp-content\/uploads\/2021\/10\/20200225_172340-300x225.jpg 300w, https:\/\/tammegymnaasium.ee\/ku\/wp-content\/uploads\/2021\/10\/20200225_172340-1024x768.jpg 1024w, https:\/\/tammegymnaasium.ee\/ku\/wp-content\/uploads\/2021\/10\/20200225_172340-768x576.jpg 768w, https:\/\/tammegymnaasium.ee\/ku\/wp-content\/uploads\/2021\/10\/20200225_172340-1536x1152.jpg 1536w, https:\/\/tammegymnaasium.ee\/ku\/wp-content\/uploads\/2021\/10\/20200225_172340-2048x1536.jpg 2048w, https:\/\/tammegymnaasium.ee\/ku\/wp-content\/uploads\/2021\/10\/20200225_172340-1200x900.jpg 1200w\" sizes=\"auto, (max-width: 300px) 85vw, 300px\" \/><\/a>\n\t\t\t<\/div><\/figure><figure class='gallery-item'>\n\t\t\t<div class='gallery-icon landscape'>\n\t\t\t\t<a href='https:\/\/tammegymnaasium.ee\/ku\/wp-content\/uploads\/2021\/10\/20200228_182404-scaled.jpg'><img loading=\"lazy\" decoding=\"async\" width=\"300\" height=\"225\" src=\"https:\/\/tammegymnaasium.ee\/ku\/wp-content\/uploads\/2021\/10\/20200228_182404-300x225.jpg\" class=\"attachment-medium size-medium\" alt=\"\" srcset=\"https:\/\/tammegymnaasium.ee\/ku\/wp-content\/uploads\/2021\/10\/20200228_182404-300x225.jpg 300w, https:\/\/tammegymnaasium.ee\/ku\/wp-content\/uploads\/2021\/10\/20200228_182404-1024x768.jpg 1024w, https:\/\/tammegymnaasium.ee\/ku\/wp-content\/uploads\/2021\/10\/20200228_182404-768x576.jpg 768w, https:\/\/tammegymnaasium.ee\/ku\/wp-content\/uploads\/2021\/10\/20200228_182404-1536x1152.jpg 1536w, https:\/\/tammegymnaasium.ee\/ku\/wp-content\/uploads\/2021\/10\/20200228_182404-2048x1536.jpg 2048w, https:\/\/tammegymnaasium.ee\/ku\/wp-content\/uploads\/2021\/10\/20200228_182404-1200x900.jpg 1200w\" sizes=\"auto, (max-width: 300px) 85vw, 300px\" \/><\/a>\n\t\t\t<\/div><\/figure><figure class='gallery-item'>\n\t\t\t<div class='gallery-icon landscape'>\n\t\t\t\t<a href='https:\/\/tammegymnaasium.ee\/ku\/wp-content\/uploads\/2021\/10\/20200224_162009-scaled.jpg'><img loading=\"lazy\" decoding=\"async\" width=\"300\" height=\"225\" src=\"https:\/\/tammegymnaasium.ee\/ku\/wp-content\/uploads\/2021\/10\/20200224_162009-300x225.jpg\" class=\"attachment-medium size-medium\" alt=\"\" srcset=\"https:\/\/tammegymnaasium.ee\/ku\/wp-content\/uploads\/2021\/10\/20200224_162009-300x225.jpg 300w, https:\/\/tammegymnaasium.ee\/ku\/wp-content\/uploads\/2021\/10\/20200224_162009-1024x768.jpg 1024w, https:\/\/tammegymnaasium.ee\/ku\/wp-content\/uploads\/2021\/10\/20200224_162009-768x576.jpg 768w, https:\/\/tammegymnaasium.ee\/ku\/wp-content\/uploads\/2021\/10\/20200224_162009-1536x1152.jpg 1536w, https:\/\/tammegymnaasium.ee\/ku\/wp-content\/uploads\/2021\/10\/20200224_162009-2048x1536.jpg 2048w, https:\/\/tammegymnaasium.ee\/ku\/wp-content\/uploads\/2021\/10\/20200224_162009-1200x900.jpg 1200w\" sizes=\"auto, (max-width: 300px) 85vw, 300px\" \/><\/a>\n\t\t\t<\/div><\/figure>\n\t\t<\/div>\n\n","protected":false},"excerpt":{"rendered":"<p>Autor: Maret Kuura veebruarist 29. veebruarini osalesin koos kolleegi Liia Vijandiga Firenzes koolitusel \u201eThe 4Cs: Creativity, Critical Thinking, Communication and Collaboration in Schools\u201c. Kursuse eesm\u00e4rk oli innustada \u00f5petajaid kasutama oma t\u00f6\u00f6s \u00f5pilastega ja koost\u00f6\u00f6s kolleegidega loovust, kriitilist m\u00f5tlemist jms. Kursus oli mitmek\u00fclgne ja kaasahaarav, pakkudes m\u00f5tteainet ja loovtegevusi. Kursusel osales lisaks Eestist ka \u00f5petajaid Taanist &hellip; <a href=\"https:\/\/tammegymnaasium.ee\/ku\/2020\/03\/05\/inspireeriv-firenze\/\" class=\"more-link\">Loe edasi<span class=\"screen-reader-text\"> &#8220;Inspireeriv Firenze&#8221;<\/span><\/a><\/p>\n","protected":false},"author":2,"featured_media":100,"comment_status":"open","ping_status":"open","sticky":false,"template":"","format":"standard","meta":{"footnotes":""},"categories":[7],"tags":[],"class_list":["post-92","post","type-post","status-publish","format-standard","has-post-thumbnail","hentry","category-firenze"],"_links":{"self":[{"href":"https:\/\/tammegymnaasium.ee\/ku\/wp-json\/wp\/v2\/posts\/92","targetHints":{"allow":["GET"]}}],"collection":[{"href":"https:\/\/tammegymnaasium.ee\/ku\/wp-json\/wp\/v2\/posts"}],"about":[{"href":"https:\/\/tammegymnaasium.ee\/ku\/wp-json\/wp\/v2\/types\/post"}],"author":[{"embeddable":true,"href":"https:\/\/tammegymnaasium.ee\/ku\/wp-json\/wp\/v2\/users\/2"}],"replies":[{"embeddable":true,"href":"https:\/\/tammegymnaasium.ee\/ku\/wp-json\/wp\/v2\/comments?post=92"}],"version-history":[{"count":5,"href":"https:\/\/tammegymnaasium.ee\/ku\/wp-json\/wp\/v2\/posts\/92\/revisions"}],"predecessor-version":[{"id":309,"href":"https:\/\/tammegymnaasium.ee\/ku\/wp-json\/wp\/v2\/posts\/92\/revisions\/309"}],"wp:featuredmedia":[{"embeddable":true,"href":"https:\/\/tammegymnaasium.ee\/ku\/wp-json\/wp\/v2\/media\/100"}],"wp:attachment":[{"href":"https:\/\/tammegymnaasium.ee\/ku\/wp-json\/wp\/v2\/media?parent=92"}],"wp:term":[{"taxonomy":"category","embeddable":true,"href":"https:\/\/tammegymnaasium.ee\/ku\/wp-json\/wp\/v2\/categories?post=92"},{"taxonomy":"post_tag","embeddable":true,"href":"https:\/\/tammegymnaasium.ee\/ku\/wp-json\/wp\/v2\/tags?post=92"}],"curies":[{"name":"wp","href":"https:\/\/api.w.org\/{rel}","templated":true}]}}