{"id":192,"date":"2019-11-10T16:45:43","date_gmt":"2019-11-10T14:45:43","guid":{"rendered":"https:\/\/tammegymnaasium.ee\/ku\/?p=192"},"modified":"2022-02-28T08:49:00","modified_gmt":"2022-02-28T06:49:00","slug":"kursus-creativity-in-teaching-and-training-how-to-use-music-art-ict-and-outdoor-activities-in-education","status":"publish","type":"post","link":"https:\/\/tammegymnaasium.ee\/ku\/2019\/11\/10\/kursus-creativity-in-teaching-and-training-how-to-use-music-art-ict-and-outdoor-activities-in-education\/","title":{"rendered":"Kursus &#8220;Creativity in teaching and training &#038; how to use music, art, ICT and outdoor activities in education&#8221;"},"content":{"rendered":"<p>Autor: Liia Vijand-Lind<\/p>\n<p>Holland \u2013 tulpide ja maalikunsti maa ja mul oli v\u00f5imalus osalesin koos kolleegi Heily Soosaarega Quarter Mediation koolitusel \u201eCreativity in teaching and training through outdoor and indoor activities\u201c 13.-19. oktoober\u00a0 2019, ja saada osa selle maa v\u00f5lust.<\/p>\n<p>Hollandi hariduss\u00fcsteem paistab silma, et nad on k\u00f5rgel kohal PISA testides, aga ka \u00f5nnelikud. Heidame pilgu hariduss\u00fcsteemi ja vaatame, mis v\u00f5ib olla selle taga.<\/p>\n<ul>\n<li>Laps l\u00e4heb \u00fcksk\u00f5ik, millisesse kooli ta soovib \u2013 tuleb teha talle koht<\/li>\n<li>Riigi- ja erakoole rahastatakse samadel p\u00f5him\u00f5tetel. Erakoolid on peamiselt usu- v\u00f5i ideoloogilistel p\u00f5hjustel<\/li>\n<li>Vaheaasta \u2013 kui ei suuda otsustada, mida edasi teha<\/li>\n<li>Kutsekoolide erialade v\u00e4ga laialdane valik ja kutsekooli koost\u00f6\u00f6 firmadega, \u00f5petatakse firmasse t\u00f6\u00f6tajaid<\/li>\n<li>Puudumised kontrolli alla \u2013 16 puudumist ja toimub \u00fchisarutelu kooli, pere ja lapse vahel \u2013 kuidas lahendada probleemi, aga vanemale v\u00f5ib ka trahvi m\u00e4\u00e4rata, mist\u00f5ttu on vanemal soov, et laps ikka k\u00e4iks koolis.<\/li>\n<\/ul>\n<p>J\u00e4rgnevalt annan \u00fclevaate Hollandi koolis\u00fcsteemist. 8 aastat algkooli, 4, 5 v\u00f5i 6 aastat keskkooli s\u00f5ltuvalt kooli t\u00fc\u00fcbist ja 2 kuni 6 aastat k\u00f5rgharidust s\u00f5ltuvalt koolist ja spetsifikatsioonist. T\u00e4psema \u00fclevaate Hollandi hariduss\u00fcsteemist saab SIIN\u00a0 <a href=\"https:\/\/wenr.wes.org\/wp-content\/uploads\/2018\/12\/WENR-1218-Country-Profile-Netherlands-1.png\">https:\/\/wenr.wes.org\/wp-content\/uploads\/2018\/12\/WENR-1218-Country-Profile-Netherlands-1.png<\/a> Toon v\u00e4lja m\u00f5ned punktid, millele t\u00e4helepanu p\u00f6\u00f6rata:<\/p>\n<ul>\n<li>Keskkool on m\u00f5eldud 12 kuni 16, 17 v\u00f5i 18 aastastele<\/li>\n<li>See kestab 5 v\u00f5i 6 aastat ja on kohustuslik kuni 16 aastastele<\/li>\n<li>\u00d5pilased saavad valida kahe v\u00f5imaluse vahel, mille kestvus on 2 v\u00f5i kolm aastat ja see s\u00f5ltub varasematest valikutest.<\/li>\n<li>Teise aasta j\u00e4rel antakse \u00f5pilastele soovitus, mille nad peaksid valima\n<ul>\n<li>\u00dclikooli eelne haridus, mis valmistab ette edasisteks \u00f5pinguteks (6 aastat ja l\u00f5pus 7 eksamit)<\/li>\n<li>Seenior keskkool (5 aastat ja l\u00f5pus 6 eksamit)<\/li>\n<\/ul>\n<\/li>\n<li>\u00d5pilasel on v\u00f5imalus valida ka ettevalmistus kutsehariduseks<\/li>\n<li>Kutseharidus, mis valmistab ette tulevaseks t\u00f6\u00f6ks, mis on omakorda jaotatud neljaks osaks.<\/li>\n<\/ul>\n<p>Kokkuv\u00f5tvalt saab \u00f6elda, et \u00f5pilasel on lai valik juba haridustee alguses. R\u00f5hku pannakse k\u00f5ikides kooliastmetes \u00f5pilaste konsulteerimisele ja antakse n\u00f5u \u00f5pilastele tema haridustee osas. Haridustee on mobiilne \u2013 v\u00f5imalik on \u00fchest kohast teise liikumine. Paindlikkus tagab selle, et on v\u00f5imalik \u00fcmber otsustada ka hiljem. Lisaks tooksin v\u00e4lja vaheaasta, mille saab \u00f5pilane v\u00f5tta, kui ei tea, mida edasi teha. See k\u00f5ik tagabki, et \u00f5pilastel on kindlus ja meelerahu ning nad on oma valikutes toetatud.<\/p>\n","protected":false},"excerpt":{"rendered":"<p>Autor: Liia Vijand-Lind Holland \u2013 tulpide ja maalikunsti maa ja mul oli v\u00f5imalus osalesin koos kolleegi Heily Soosaarega Quarter Mediation koolitusel \u201eCreativity in teaching and training through outdoor and indoor activities\u201c 13.-19. oktoober\u00a0 2019, ja saada osa selle maa v\u00f5lust. Hollandi hariduss\u00fcsteem paistab silma, et nad on k\u00f5rgel kohal PISA testides, aga ka \u00f5nnelikud. Heidame &hellip; <a href=\"https:\/\/tammegymnaasium.ee\/ku\/2019\/11\/10\/kursus-creativity-in-teaching-and-training-how-to-use-music-art-ict-and-outdoor-activities-in-education\/\" class=\"more-link\">Loe edasi<span class=\"screen-reader-text\"> &#8220;Kursus &#8220;Creativity in teaching and training &#038; how to use music, art, ICT and outdoor activities in education&#8221;&#8221;<\/span><\/a><\/p>\n","protected":false},"author":2,"featured_media":0,"comment_status":"open","ping_status":"open","sticky":false,"template":"","format":"standard","meta":{"footnotes":""},"categories":[9],"tags":[],"class_list":["post-192","post","type-post","status-publish","format-standard","hentry","category-assen"],"_links":{"self":[{"href":"https:\/\/tammegymnaasium.ee\/ku\/wp-json\/wp\/v2\/posts\/192","targetHints":{"allow":["GET"]}}],"collection":[{"href":"https:\/\/tammegymnaasium.ee\/ku\/wp-json\/wp\/v2\/posts"}],"about":[{"href":"https:\/\/tammegymnaasium.ee\/ku\/wp-json\/wp\/v2\/types\/post"}],"author":[{"embeddable":true,"href":"https:\/\/tammegymnaasium.ee\/ku\/wp-json\/wp\/v2\/users\/2"}],"replies":[{"embeddable":true,"href":"https:\/\/tammegymnaasium.ee\/ku\/wp-json\/wp\/v2\/comments?post=192"}],"version-history":[{"count":5,"href":"https:\/\/tammegymnaasium.ee\/ku\/wp-json\/wp\/v2\/posts\/192\/revisions"}],"predecessor-version":[{"id":326,"href":"https:\/\/tammegymnaasium.ee\/ku\/wp-json\/wp\/v2\/posts\/192\/revisions\/326"}],"wp:attachment":[{"href":"https:\/\/tammegymnaasium.ee\/ku\/wp-json\/wp\/v2\/media?parent=192"}],"wp:term":[{"taxonomy":"category","embeddable":true,"href":"https:\/\/tammegymnaasium.ee\/ku\/wp-json\/wp\/v2\/categories?post=192"},{"taxonomy":"post_tag","embeddable":true,"href":"https:\/\/tammegymnaasium.ee\/ku\/wp-json\/wp\/v2\/tags?post=192"}],"curies":[{"name":"wp","href":"https:\/\/api.w.org\/{rel}","templated":true}]}}